{"id":1448,"date":"2016-03-26T21:37:37","date_gmt":"2016-03-26T21:37:37","guid":{"rendered":"http:\/\/xn--vodi-jua.com\/po-poteh\/?p=1448"},"modified":"2016-04-02T08:40:28","modified_gmt":"2016-04-02T08:40:28","slug":"varazdin-mesto-kjer-angeli-spijo","status":"publish","type":"post","link":"https:\/\/xn--vodi-jua.com\/po-poteh\/2016\/03\/varazdin-mesto-kjer-angeli-spijo\/","title":{"rendered":"VARA\u017dDIN, MESTO KJER ANGELI SPIJO"},"content":{"rendered":"<p>Vara\u017edin je mesto baroka, mladih ljudi, glasbe, cvetja in koles. Mesto angelov, pisanih dogodkov, med katerimi so najbolj priljubljeni \u0160pancirfest, ter festival klasi\u010dne glasbe.<\/p>\n<img loading=\"lazy\" decoding=\"async\" class=\"size-full wp-image-1505 alignnone\" src=\"https:\/\/xn--vodi-jua.com\/po-poteh\/files\/2016\/03\/GOPR0898.jpg\" alt=\"GOPR0898\" width=\"595\" height=\"446\" srcset=\"https:\/\/xn--vodi-jua.com\/po-poteh\/files\/2016\/03\/GOPR0898.jpg 595w, https:\/\/xn--vodi-jua.com\/po-poteh\/files\/2016\/03\/GOPR0898-200x150.jpg 200w\" sizes=\"auto, (max-width: 595px) 100vw, 595px\" \/>\n<p>Je mesto, ki te o\u010dara, ki ga je vredno obiskati in raziskati, se ga nau\u017eiti na kak\u0161nem izmed trgu, ob kavi ali kosu peciva.<\/p>\n<p>V nadaljevanju bom na kratko opisala znamenitosti, ki si jih je vredno ogledati, \u010de se odpravite v Vara\u017edin.<\/p>\n<img loading=\"lazy\" decoding=\"async\" class=\"size-full wp-image-1506 alignnone\" src=\"https:\/\/xn--vodi-jua.com\/po-poteh\/files\/2016\/03\/IMG_4464.jpg\" alt=\"IMG_4464\" width=\"595\" height=\"396\" srcset=\"https:\/\/xn--vodi-jua.com\/po-poteh\/files\/2016\/03\/IMG_4464.jpg 595w, https:\/\/xn--vodi-jua.com\/po-poteh\/files\/2016\/03\/IMG_4464-200x133.jpg 200w\" sizes=\"auto, (max-width: 595px) 100vw, 595px\" \/>\n<p>Soboto zjutraj je bil pogled skozi okno, kot za nala\u0161\u010d primeren za izlet.\u00a0Tokrat v smeri mesta Vara\u017edin. S fantom sva imela rezerviran hotel Turist v centru mesta.<\/p>\n<p>Ob prihodu sva si kot prvo privo\u0161\u010dila masa\u017eo celotnega telesa. Vsekakor se masa\u017eo v Vara\u017edinu spla\u010da privo\u0161\u010diti saj je zelo ugodna (15 eur).<\/p>\n<p>V naslednjih dveh dneh sva si ogledala:<\/p>\n<h2>STARI GRAD<\/h2>\n<img loading=\"lazy\" decoding=\"async\" class=\"size-full wp-image-1457 alignnone\" src=\"https:\/\/xn--vodi-jua.com\/po-poteh\/files\/2016\/03\/IMG_4468.jpg\" alt=\"IMG_4468\" width=\"595\" height=\"396\" srcset=\"https:\/\/xn--vodi-jua.com\/po-poteh\/files\/2016\/03\/IMG_4468.jpg 595w, https:\/\/xn--vodi-jua.com\/po-poteh\/files\/2016\/03\/IMG_4468-200x133.jpg 200w\" sizes=\"auto, (max-width: 595px) 100vw, 595px\" \/>\n<p>Trdnjava je bila prvi\u010d omenjena v 12.stoletju, ko je bila sede\u017e takratnega \u017eupana Vara\u017edina. Ob koncu 14. stoletja je bila v lasti Celjskih grofov in je bila obnovljena v gotskem slogu. V 16. stoletju pa je bila rekonstruirana v moderno renesan\u010dno utrdbo.<\/p>\n<p><span id=\"result_box\" lang=\"sl\"><\/span>Leta 1543 je bil imenovan za velikega \u017eupana Vara\u017edina <span id=\"result_box\" lang=\"sl\"><span title=\"Za vlasni\u0161tva Ivana Ungnada, ne\u0161to prije 1544. zapo\u010dinje gradnja zidina s kru\u017enim kulama, te oko njih zemljanih bedema i jarka napunjenog vodom.\">Ivan Ungnad<\/span><\/span> in izro\u010den mu je bil grad s trdnjavo. Leto kasneje je zgradil okrogle stolpe, okoli njih glinene stene in jarek napolnjen z vodo. Trdnjava tako postane znana kot <span id=\"result_box\" lang=\"sl\"><span title=\"Time ove gra\u0111evina postaje karakteristi\u010dan tip utvrde zvan &quot;wasserburg&quot;.\">&#8220;Wasserburg<\/span><\/span>&#8220;.<\/p>\n<p>Na koncu dobi v roke trdnjavo mad\u017earsko-hrva\u0161ka dru\u017eina <span id=\"result_box\" lang=\"sl\"><span title=\"Pod kraj stolje\u0107a vara\u017edinska tvr\u0111ava trajno dolazi u ruke ma\u0111arsko-hrvatske obitelji Erd\u00f6dy, koja \u0107e na njoj izvesti manje adaptacije u baroknom stilu.\">Erd\u00f6dyja<\/span><\/span>, kateri so na njej naredili manj\u0161e baro\u010dne spremembe.<\/p>\n<p>Vidimo lahko, da ima Vara\u017edinski stari grad pestro zgodovino sprememb. Danes je v njem sede\u017e mestnega muzeja Vara\u017edin.<\/p>\n<div id=\"attachment_1458\" style=\"width: 605px\" class=\"wp-caption aligncenter\"><img loading=\"lazy\" decoding=\"async\" aria-describedby=\"caption-attachment-1458\" class=\"size-full wp-image-1458\" src=\"https:\/\/xn--vodi-jua.com\/po-poteh\/files\/2016\/03\/IMG_4479.jpg\" alt=\"Stari grad\" width=\"595\" height=\"396\" srcset=\"https:\/\/xn--vodi-jua.com\/po-poteh\/files\/2016\/03\/IMG_4479.jpg 595w, https:\/\/xn--vodi-jua.com\/po-poteh\/files\/2016\/03\/IMG_4479-200x133.jpg 200w\" sizes=\"auto, (max-width: 595px) 100vw, 595px\" \/><p id=\"caption-attachment-1458\" class=\"wp-caption-text\">Stari grad<\/p><\/div>\n<h3>STROSSMAYERJEVO SPREHAJALI\u0160\u010cE<\/h3>\n<p>Okoli gradu se je mo\u017eno sprehoditi po preurejenem obzidju in u\u017eivati v razgledu na grad in preostalo mesto.<\/p>\n<img loading=\"lazy\" decoding=\"async\" class=\"alignnone size-full wp-image-1495 aligncenter\" src=\"https:\/\/xn--vodi-jua.com\/po-poteh\/files\/2016\/03\/GOPR0882.jpg\" alt=\"GOPR0882\" width=\"595\" height=\"446\" srcset=\"https:\/\/xn--vodi-jua.com\/po-poteh\/files\/2016\/03\/GOPR0882.jpg 595w, https:\/\/xn--vodi-jua.com\/po-poteh\/files\/2016\/03\/GOPR0882-200x150.jpg 200w\" sizes=\"auto, (max-width: 595px) 100vw, 595px\" \/>\n<h3>MESTNI MUZEJ VARA\u017dDIN<\/h3>\n<div id=\"attachment_1459\" style=\"width: 605px\" class=\"wp-caption aligncenter\"><img loading=\"lazy\" decoding=\"async\" aria-describedby=\"caption-attachment-1459\" class=\"size-full wp-image-1459\" src=\"https:\/\/xn--vodi-jua.com\/po-poteh\/files\/2016\/03\/IMG_4604.jpg\" alt=\"Mestni muzej Vara\u017edin\" width=\"595\" height=\"396\" srcset=\"https:\/\/xn--vodi-jua.com\/po-poteh\/files\/2016\/03\/IMG_4604.jpg 595w, https:\/\/xn--vodi-jua.com\/po-poteh\/files\/2016\/03\/IMG_4604-200x133.jpg 200w\" sizes=\"auto, (max-width: 595px) 100vw, 595px\" \/><p id=\"caption-attachment-1459\" class=\"wp-caption-text\">Mestni muzej Vara\u017edin<\/p><\/div>\n<p>V njegovih prostorih se nahajajo zbirke najstarej\u0161ega, kulturno zgodovinskega oddelka, ki so razstavljene v stilskih sobah. Najdragocenej\u0161e so zbirke cehovskih predmetov, pohi\u0161tva, zgodovinskih portretov, oro\u017eja, slik, ur, porcelana in stekla, ter \u0161tevilni drugi predmeti iz vsakdanjega \u017eivljenja vara\u017edinskega plemstva in bogatega me\u0161\u010danstva, ki si jih obiskovalci lahko ogledajo v 40-ih muzejskih prostorih.<\/p>\n<div id=\"attachment_1460\" style=\"width: 605px\" class=\"wp-caption aligncenter\"><img loading=\"lazy\" decoding=\"async\" aria-describedby=\"caption-attachment-1460\" class=\"wp-image-1460 size-full\" src=\"https:\/\/xn--vodi-jua.com\/po-poteh\/files\/2016\/03\/IMG_4584.jpg\" alt=\"Mestni muzej Vara\u017edin, Keramika\" width=\"595\" height=\"396\" srcset=\"https:\/\/xn--vodi-jua.com\/po-poteh\/files\/2016\/03\/IMG_4584.jpg 595w, https:\/\/xn--vodi-jua.com\/po-poteh\/files\/2016\/03\/IMG_4584-200x133.jpg 200w\" sizes=\"auto, (max-width: 595px) 100vw, 595px\" \/><p id=\"caption-attachment-1460\" class=\"wp-caption-text\">Mestni muzej Vara\u017edin<\/p><\/div>\n<div id=\"attachment_1461\" style=\"width: 605px\" class=\"wp-caption aligncenter\"><img loading=\"lazy\" decoding=\"async\" aria-describedby=\"caption-attachment-1461\" class=\"size-full wp-image-1461\" src=\"https:\/\/xn--vodi-jua.com\/po-poteh\/files\/2016\/03\/IMG_4580.jpg\" alt=\"Mestni muzej Vara\u017edin, ure\" width=\"595\" height=\"396\" srcset=\"https:\/\/xn--vodi-jua.com\/po-poteh\/files\/2016\/03\/IMG_4580.jpg 595w, https:\/\/xn--vodi-jua.com\/po-poteh\/files\/2016\/03\/IMG_4580-200x133.jpg 200w\" sizes=\"auto, (max-width: 595px) 100vw, 595px\" \/><p id=\"caption-attachment-1461\" class=\"wp-caption-text\">Mestni muzej Vara\u017edin, ure<\/p><\/div>\n<h2>CIMERI<\/h2>\n<p>Obrtniki so pustili pomemben pe\u010dat v zgodovini Vara\u017edina. Nad vhodom v obrtni\u0161ko delavnico je obvezno visel cimer. To je bila\u00a0 reklamna plo\u0161\u010da, oziroma figura, ki je ozna\u010devala obrtno dejavnost ali je bila prepoznavni simbol trgovca.<\/p>\n<p>Ob sprehodu po starem delu Vara\u017edina, lahko opazimo, nekaj tak\u0161nih primerov.<\/p>\n<div id=\"attachment_1496\" style=\"width: 520px\" class=\"wp-caption aligncenter\"><img loading=\"lazy\" decoding=\"async\" aria-describedby=\"caption-attachment-1496\" class=\"size-large wp-image-1496\" src=\"https:\/\/xn--vodi-jua.com\/po-poteh\/files\/2016\/03\/GOPR0840-510x680.jpg\" alt=\"Cimer &quot;\u017eelva&quot;\" width=\"510\" height=\"680\" srcset=\"https:\/\/xn--vodi-jua.com\/po-poteh\/files\/2016\/03\/GOPR0840-510x680.jpg 510w, https:\/\/xn--vodi-jua.com\/po-poteh\/files\/2016\/03\/GOPR0840-150x200.jpg 150w, https:\/\/xn--vodi-jua.com\/po-poteh\/files\/2016\/03\/GOPR0840.jpg 595w\" sizes=\"auto, (max-width: 510px) 100vw, 510px\" \/><p id=\"caption-attachment-1496\" class=\"wp-caption-text\">Cimer &#8220;\u017eelva&#8221;, ponazarja trgovino z me\u0161anim blagom<\/p><\/div>\n<h2>BARO\u010cNE PALA\u010cE<\/h2>\n<p>V starem sredi\u0161\u010du Vara\u017edina je vrsta baro\u010dnih pala\u010d, katere so bile zgrajene med 17. in 19.stoletjem.<\/p>\n<h3>PALA\u010cA SERMAGE<\/h3>\n<div id=\"attachment_1462\" style=\"width: 605px\" class=\"wp-caption aligncenter\"><img loading=\"lazy\" decoding=\"async\" aria-describedby=\"caption-attachment-1462\" class=\"wp-image-1462 size-full\" src=\"https:\/\/xn--vodi-jua.com\/po-poteh\/files\/2016\/03\/IMG_4487.jpg\" alt=\"IMG_4487\" width=\"595\" height=\"396\" srcset=\"https:\/\/xn--vodi-jua.com\/po-poteh\/files\/2016\/03\/IMG_4487.jpg 595w, https:\/\/xn--vodi-jua.com\/po-poteh\/files\/2016\/03\/IMG_4487-200x133.jpg 200w\" sizes=\"auto, (max-width: 595px) 100vw, 595px\" \/><p id=\"caption-attachment-1462\" class=\"wp-caption-text\">Pala\u010da Sermage<\/p><\/div>\n<p>Pala\u010da Sermage se nahaja na trgu Miljenka Stan\u010di\u0107a, na nasprotni strani starega grada Vara\u017edin. Pala\u010da \u017eari v svoji barviti fasadi s \u010drnimi in rde\u010dimi medaljoni.<\/p>\n<div id=\"attachment_1465\" style=\"width: 605px\" class=\"wp-caption aligncenter\"><img loading=\"lazy\" decoding=\"async\" aria-describedby=\"caption-attachment-1465\" class=\"wp-image-1465 size-full\" src=\"https:\/\/xn--vodi-jua.com\/po-poteh\/files\/2016\/03\/IMG_4530.jpg\" alt=\"IMG_4530\" width=\"595\" height=\"396\" srcset=\"https:\/\/xn--vodi-jua.com\/po-poteh\/files\/2016\/03\/IMG_4530.jpg 595w, https:\/\/xn--vodi-jua.com\/po-poteh\/files\/2016\/03\/IMG_4530-200x133.jpg 200w\" sizes=\"auto, (max-width: 595px) 100vw, 595px\" \/><p id=\"caption-attachment-1465\" class=\"wp-caption-text\">Pala\u010da Sermage<\/p><\/div>\n<p>V pala\u010di si je mo\u017eno ogledati galerijo starih in sodobnih umetnosti.<\/p>\n<p>Midva si galerije nisva ogledala, sva pa precej \u010dasa pre\u017eivela na trgu, ki je bil poln ljudi, sonce pa nas je precej grelo.<\/p>\n<h2><img loading=\"lazy\" decoding=\"async\" class=\"alignnone size-large wp-image-1500\" src=\"https:\/\/xn--vodi-jua.com\/po-poteh\/files\/2016\/03\/IMG_3737-e1459185622951-510x680.jpg\" alt=\"IMG_3737\" width=\"510\" height=\"680\" srcset=\"https:\/\/xn--vodi-jua.com\/po-poteh\/files\/2016\/03\/IMG_3737-e1459185622951-510x680.jpg 510w, https:\/\/xn--vodi-jua.com\/po-poteh\/files\/2016\/03\/IMG_3737-e1459185622951-150x200.jpg 150w, https:\/\/xn--vodi-jua.com\/po-poteh\/files\/2016\/03\/IMG_3737-e1459185622951-768x1024.jpg 768w, https:\/\/xn--vodi-jua.com\/po-poteh\/files\/2016\/03\/IMG_3737-e1459185622951.jpg 680w\" sizes=\"auto, (max-width: 510px) 100vw, 510px\" \/><\/h2>\n<h2>PALA\u010cA HERZER<\/h2>\n<p>Pala\u010da Herzer je v stilu pozno baro\u0161kega klasicizma, zgrajena leta 1791. Zanimivo je, da jo ni povzdignil plemi\u010d, temve\u010d mestni po\u0161tar Franjo Herzer, kateri je obogatel z zmago na loteriji. Kar hitro je bankrotiral in pala\u010da mu je bila odvzeta.<\/p>\n<div id=\"attachment_1466\" style=\"width: 605px\" class=\"wp-caption aligncenter\"><img loading=\"lazy\" decoding=\"async\" aria-describedby=\"caption-attachment-1466\" class=\"size-full wp-image-1466\" src=\"https:\/\/xn--vodi-jua.com\/po-poteh\/files\/2016\/03\/GOPR0849.jpg\" alt=\"Pala\u010da Herzer\" width=\"595\" height=\"446\" srcset=\"https:\/\/xn--vodi-jua.com\/po-poteh\/files\/2016\/03\/GOPR0849.jpg 595w, https:\/\/xn--vodi-jua.com\/po-poteh\/files\/2016\/03\/GOPR0849-200x150.jpg 200w\" sizes=\"auto, (max-width: 595px) 100vw, 595px\" \/><p id=\"caption-attachment-1466\" class=\"wp-caption-text\">Pala\u010da Herzer<\/p><\/div>\n<h3>PALA\u010cA VARA\u017dDINSKE \u017dUPANIJE<\/h3>\n<p>Pala\u010da Vara\u017edinske \u017eupanije je bila zgrajena leta 1768 v rokoko slogu, ampak je bila v po\u017earu te\u017eko po\u0161kodovana. Zaradi obnov je izgubila svoje prvotne stilske lastnosti. Danes je v pala\u010di spet sede\u017e Vara\u017edinske \u017eupnije.<\/p>\n<div id=\"attachment_1467\" style=\"width: 605px\" class=\"wp-caption aligncenter\"><img loading=\"lazy\" decoding=\"async\" aria-describedby=\"caption-attachment-1467\" class=\"size-full wp-image-1467\" src=\"https:\/\/xn--vodi-jua.com\/po-poteh\/files\/2016\/03\/GOPR0845.jpg\" alt=\"Pala\u010da Vara\u017ediske \u017eupnije\" width=\"595\" height=\"446\" srcset=\"https:\/\/xn--vodi-jua.com\/po-poteh\/files\/2016\/03\/GOPR0845.jpg 595w, https:\/\/xn--vodi-jua.com\/po-poteh\/files\/2016\/03\/GOPR0845-200x150.jpg 200w\" sizes=\"auto, (max-width: 595px) 100vw, 595px\" \/><p id=\"caption-attachment-1467\" class=\"wp-caption-text\">Pala\u010da Vara\u017edinske \u017eupnije<\/p><\/div>\n<h2>KATEDRALA<\/h2>\n<p>Posve\u010dena vnebovzetju bla\u017eene Device Marije.<\/p>\n<p>V srednji ni\u0161i je kip Marije iz 17. stoletja. Pod ni\u0161o je grb dru\u017eine Dra\u0161kovi\u0107, ki je bila glavni donator jezuitov in cerkve. Glavni oltar je najve\u010dji v Vara\u017edinu.<\/p>\n<p>Ob katedrali je zgrajen tudi samostan.<\/p>\n<div id=\"attachment_1469\" style=\"width: 464px\" class=\"wp-caption aligncenter\"><img loading=\"lazy\" decoding=\"async\" aria-describedby=\"caption-attachment-1469\" class=\"size-large wp-image-1469\" src=\"https:\/\/xn--vodi-jua.com\/po-poteh\/files\/2016\/03\/IMG_4519-454x680.jpg\" alt=\"Katedrala\" width=\"454\" height=\"680\" srcset=\"https:\/\/xn--vodi-jua.com\/po-poteh\/files\/2016\/03\/IMG_4519-454x680.jpg 454w, https:\/\/xn--vodi-jua.com\/po-poteh\/files\/2016\/03\/IMG_4519-133x200.jpg 133w, https:\/\/xn--vodi-jua.com\/po-poteh\/files\/2016\/03\/IMG_4519.jpg 595w\" sizes=\"auto, (max-width: 454px) 100vw, 454px\" \/><p id=\"caption-attachment-1469\" class=\"wp-caption-text\">Katedrala<\/p><\/div>\n<h2>FRAN\u010cI\u0160KANSKA CERKEV<\/h2>\n<p>Cerkev ima najvi\u0161ji stolp v Vara\u017edinu. Na trgu pred vhodom v cerkev se nahaja bronast kip Grgurja Ninskeg (\u0161kof).\u00a0Na ju\u017eni steni cerkve pa se nahaja son\u010dna ura.<\/p>\n<div id=\"attachment_1471\" style=\"width: 605px\" class=\"wp-caption aligncenter\"><img loading=\"lazy\" decoding=\"async\" aria-describedby=\"caption-attachment-1471\" class=\"wp-image-1471 size-full\" src=\"https:\/\/xn--vodi-jua.com\/po-poteh\/files\/2016\/03\/IMG_4453.jpg\" alt=\"IMG_4453\" width=\"595\" height=\"396\" srcset=\"https:\/\/xn--vodi-jua.com\/po-poteh\/files\/2016\/03\/IMG_4453.jpg 595w, https:\/\/xn--vodi-jua.com\/po-poteh\/files\/2016\/03\/IMG_4453-200x133.jpg 200w\" sizes=\"auto, (max-width: 595px) 100vw, 595px\" \/><p id=\"caption-attachment-1471\" class=\"wp-caption-text\">Fran\u010di\u0161\u010dkanska cerkev, son\u010dna ura<\/p><\/div>\n<div id=\"attachment_1472\" style=\"width: 605px\" class=\"wp-caption aligncenter\"><img loading=\"lazy\" decoding=\"async\" aria-describedby=\"caption-attachment-1472\" class=\"wp-image-1472 size-full\" src=\"https:\/\/xn--vodi-jua.com\/po-poteh\/files\/2016\/03\/IMG_4459.jpg\" alt=\"IMG_4459\" width=\"595\" height=\"396\" srcset=\"https:\/\/xn--vodi-jua.com\/po-poteh\/files\/2016\/03\/IMG_4459.jpg 595w, https:\/\/xn--vodi-jua.com\/po-poteh\/files\/2016\/03\/IMG_4459-200x133.jpg 200w\" sizes=\"auto, (max-width: 595px) 100vw, 595px\" \/><p id=\"caption-attachment-1472\" class=\"wp-caption-text\">kip Grgurja Ninskeg<\/p><\/div>\n<h2>CERKEV SV.NIKOLE<\/h2>\n<p>Posve\u010dena Sv.Miklav\u017eu, za\u0161\u010ditniku Vara\u017edina. Drevored okoli cerkve ozna\u010duje nekdanje pokopali\u0161\u010de.<\/p>\n<div id=\"attachment_1473\" style=\"width: 605px\" class=\"wp-caption aligncenter\"><img loading=\"lazy\" decoding=\"async\" aria-describedby=\"caption-attachment-1473\" class=\"wp-image-1473 size-full\" src=\"https:\/\/xn--vodi-jua.com\/po-poteh\/files\/2016\/03\/GOPR0836.jpg\" alt=\"GOPR0836\" width=\"595\" height=\"446\" srcset=\"https:\/\/xn--vodi-jua.com\/po-poteh\/files\/2016\/03\/GOPR0836.jpg 595w, https:\/\/xn--vodi-jua.com\/po-poteh\/files\/2016\/03\/GOPR0836-200x150.jpg 200w\" sizes=\"auto, (max-width: 595px) 100vw, 595px\" \/><p id=\"caption-attachment-1473\" class=\"wp-caption-text\">Cerkev Sv.Nikole<\/p><\/div>\n<h2>UR\u0160ULINSKA CERKEV<\/h2>\n<p>Je posve\u010dena rojstvu Jezusa Kristusa.<\/p>\n<div id=\"attachment_1483\" style=\"width: 464px\" class=\"wp-caption aligncenter\"><img loading=\"lazy\" decoding=\"async\" aria-describedby=\"caption-attachment-1483\" class=\"size-large wp-image-1483\" src=\"https:\/\/xn--vodi-jua.com\/po-poteh\/files\/2016\/03\/IMG_4554-454x680.jpg\" alt=\"Ur\u0161ulinska cerkev\" width=\"454\" height=\"680\" srcset=\"https:\/\/xn--vodi-jua.com\/po-poteh\/files\/2016\/03\/IMG_4554-454x680.jpg 454w, https:\/\/xn--vodi-jua.com\/po-poteh\/files\/2016\/03\/IMG_4554-133x200.jpg 133w, https:\/\/xn--vodi-jua.com\/po-poteh\/files\/2016\/03\/IMG_4554.jpg 595w\" sizes=\"auto, (max-width: 454px) 100vw, 454px\" \/><p id=\"caption-attachment-1483\" class=\"wp-caption-text\">Ur\u0161ulinska cerkev<\/p><\/div>\n<h2>TRG TRADICIONALNIH OBRTI<\/h2>\n<div id=\"attachment_1478\" style=\"width: 605px\" class=\"wp-caption aligncenter\"><img loading=\"lazy\" decoding=\"async\" aria-describedby=\"caption-attachment-1478\" class=\"wp-image-1478 size-full\" src=\"https:\/\/xn--vodi-jua.com\/po-poteh\/files\/2016\/03\/GOPR0854.jpg\" alt=\"GOPR0854\" width=\"595\" height=\"446\" srcset=\"https:\/\/xn--vodi-jua.com\/po-poteh\/files\/2016\/03\/GOPR0854.jpg 595w, https:\/\/xn--vodi-jua.com\/po-poteh\/files\/2016\/03\/GOPR0854-200x150.jpg 200w\" sizes=\"auto, (max-width: 595px) 100vw, 595px\" \/><p id=\"caption-attachment-1478\" class=\"wp-caption-text\">Trg tradicionalnih obrti<\/p><\/div>\n<p>Trg je naproti Ur\u0161ulinske cerkve, na njem pa si je mo\u017eno ogledati \u0161e vedno delujo\u010de obrti.<\/p>\n<img loading=\"lazy\" decoding=\"async\" class=\"alignnone size-full wp-image-1482 aligncenter\" src=\"https:\/\/xn--vodi-jua.com\/po-poteh\/files\/2016\/03\/GOPR0856.jpg\" alt=\"GOPR0856\" width=\"595\" height=\"446\" srcset=\"https:\/\/xn--vodi-jua.com\/po-poteh\/files\/2016\/03\/GOPR0856.jpg 595w, https:\/\/xn--vodi-jua.com\/po-poteh\/files\/2016\/03\/GOPR0856-200x150.jpg 200w\" sizes=\"auto, (max-width: 595px) 100vw, 595px\" \/>\n<h2>GLAVNI MESTNI TRG KRALJA TOMISLAVA<\/h2>\n<img loading=\"lazy\" decoding=\"async\" class=\"alignnone size-full wp-image-1484 aligncenter\" src=\"https:\/\/xn--vodi-jua.com\/po-poteh\/files\/2016\/03\/IMG_4512.jpg\" alt=\"IMG_4512\" width=\"595\" height=\"396\" srcset=\"https:\/\/xn--vodi-jua.com\/po-poteh\/files\/2016\/03\/IMG_4512.jpg 595w, https:\/\/xn--vodi-jua.com\/po-poteh\/files\/2016\/03\/IMG_4512-200x133.jpg 200w\" sizes=\"auto, (max-width: 595px) 100vw, 595px\" \/>\n<p>Na glavnem mestnem trgu se nahaja mestna hi\u0161a. Vsekakor pa kup lu\u0161tnih lokalov, ki obiskovalce kar kli\u010dejo, da prisedejo.<\/p>\n<div id=\"attachment_1485\" style=\"width: 464px\" class=\"wp-caption aligncenter\"><img loading=\"lazy\" decoding=\"async\" aria-describedby=\"caption-attachment-1485\" class=\"size-large wp-image-1485\" src=\"https:\/\/xn--vodi-jua.com\/po-poteh\/files\/2016\/03\/IMG_4516-454x680.jpg\" alt=\"Mestna hi\u0161a\" width=\"454\" height=\"680\" srcset=\"https:\/\/xn--vodi-jua.com\/po-poteh\/files\/2016\/03\/IMG_4516-454x680.jpg 454w, https:\/\/xn--vodi-jua.com\/po-poteh\/files\/2016\/03\/IMG_4516-133x200.jpg 133w, https:\/\/xn--vodi-jua.com\/po-poteh\/files\/2016\/03\/IMG_4516.jpg 595w\" sizes=\"auto, (max-width: 454px) 100vw, 454px\" \/><p id=\"caption-attachment-1485\" class=\"wp-caption-text\">Mestna hi\u0161a<\/p><\/div>\n<h2>MUZEJ ANGELOV<\/h2>\n<p>Slikar \u017deljko Prstec je s svojimi motivi angelov v baro\u010dnem vzdu\u0161ju, svojemu rodnemu mestu priskrbel vzdevek: mesto v katerem spijo angeli.<\/p>\n<div id=\"attachment_1487\" style=\"width: 464px\" class=\"wp-caption aligncenter\"><img loading=\"lazy\" decoding=\"async\" aria-describedby=\"caption-attachment-1487\" class=\"size-large wp-image-1487\" src=\"https:\/\/xn--vodi-jua.com\/po-poteh\/files\/2016\/03\/IMG_4496-454x680.jpg\" alt=\"Muzej Angelov\" width=\"454\" height=\"680\" srcset=\"https:\/\/xn--vodi-jua.com\/po-poteh\/files\/2016\/03\/IMG_4496-454x680.jpg 454w, https:\/\/xn--vodi-jua.com\/po-poteh\/files\/2016\/03\/IMG_4496-133x200.jpg 133w, https:\/\/xn--vodi-jua.com\/po-poteh\/files\/2016\/03\/IMG_4496.jpg 595w\" sizes=\"auto, (max-width: 454px) 100vw, 454px\" \/><p id=\"caption-attachment-1487\" class=\"wp-caption-text\">Muzej Angelov<\/p><\/div>\n<p><strong>Mesto v katerem spijo angeli, Jadranka Pintari\u0107<\/strong><\/p>\n<blockquote><p>Neko\u010d davno, ko so ljudje \u0161e znali nositi svojega angela na ramenu, mu neskon\u010dno verjeli in z njim ne\u017eno ravnali, je bila ta vojska Bo\u017eja predana, zvesta in vztrajna. Bili so tu tak\u0161ni angeli- od nekdaj, vedno in za zmeraj, kakr\u0161na je prava ljubezen&#8230; Angeli so, samo z zamahom, odgnali vsako bole\u010dino, utrujenost, nemir v du\u0161i in s prhutanjem kril so \u017eelje uresni\u010dili. Ali tako nekako, nih\u010de se ve\u010d ne spomni. Svet, kakr\u0161en je bil, ve\u010d ne obstaja. Od takrat ali tako nekako, nekateri ljudje ne potrebujejo ve\u010d angelov, zato angeli odvr\u017eeno obupavajo&#8230;Vendar pa, glede na to, da so nekateri angeli ostali brez dela so se odlo\u010dili, da bodo tudi oni po\u010divali. &#8220;Zakaj ne bi tudi mi kdajpakdaj sanjali , \u010de \u017ee imamo sanje in ko se da v sanjah tako lepo in mirno lebdeti.&#8221; Zato angeli spijo. In potem so morali angeli najti prostor, kamor bodo polo\u017eili krila, da se bodo lahko prepustili svojim sanjam. Gledali si okoli, iskali in hodili in ravno v to mesto prispeli. Tu so se naselili in vse do danes ostali.<\/p><\/blockquote>\n<img loading=\"lazy\" decoding=\"async\" class=\"alignnone size-full wp-image-1488 aligncenter\" src=\"https:\/\/xn--vodi-jua.com\/po-poteh\/files\/2016\/03\/IMG_4501.jpg\" alt=\"IMG_4501\" width=\"595\" height=\"396\" srcset=\"https:\/\/xn--vodi-jua.com\/po-poteh\/files\/2016\/03\/IMG_4501.jpg 595w, https:\/\/xn--vodi-jua.com\/po-poteh\/files\/2016\/03\/IMG_4501-200x133.jpg 200w\" sizes=\"auto, (max-width: 595px) 100vw, 595px\" \/>\n<h2>AN\u00d0ELINAK<\/h2>\n<img loading=\"lazy\" decoding=\"async\" class=\"alignnone size-full wp-image-1490 aligncenter\" src=\"https:\/\/xn--vodi-jua.com\/po-poteh\/files\/2016\/03\/IMG_4511.jpg\" alt=\"IMG_4511\" width=\"595\" height=\"396\" srcset=\"https:\/\/xn--vodi-jua.com\/po-poteh\/files\/2016\/03\/IMG_4511.jpg 595w, https:\/\/xn--vodi-jua.com\/po-poteh\/files\/2016\/03\/IMG_4511-200x133.jpg 200w\" sizes=\"auto, (max-width: 595px) 100vw, 595px\" \/>\n<img loading=\"lazy\" decoding=\"async\" class=\"alignnone size-large wp-image-1489 aligncenter\" src=\"https:\/\/xn--vodi-jua.com\/po-poteh\/files\/2016\/03\/IMG_4508-454x680.jpg\" alt=\"IMG_4508\" width=\"454\" height=\"680\" srcset=\"https:\/\/xn--vodi-jua.com\/po-poteh\/files\/2016\/03\/IMG_4508-454x680.jpg 454w, https:\/\/xn--vodi-jua.com\/po-poteh\/files\/2016\/03\/IMG_4508-133x200.jpg 133w, https:\/\/xn--vodi-jua.com\/po-poteh\/files\/2016\/03\/IMG_4508.jpg 595w\" sizes=\"auto, (max-width: 454px) 100vw, 454px\" \/>\n<img loading=\"lazy\" decoding=\"async\" class=\"alignnone size-full wp-image-1491 aligncenter\" src=\"https:\/\/xn--vodi-jua.com\/po-poteh\/files\/2016\/03\/IMG_4558.jpg\" alt=\"IMG_4558\" width=\"595\" height=\"396\" srcset=\"https:\/\/xn--vodi-jua.com\/po-poteh\/files\/2016\/03\/IMG_4558.jpg 595w, https:\/\/xn--vodi-jua.com\/po-poteh\/files\/2016\/03\/IMG_4558-200x133.jpg 200w\" sizes=\"auto, (max-width: 595px) 100vw, 595px\" \/>\n<h2>MESTNA TR\u017dNICA<\/h2>\n<p>Mestna tr\u017enica je tudi znana kot &#8220;plac&#8221;. Vsekakor se jo spla\u010da obiskati, saj je ponudba zelo barvita, zelenjave, sadja, ro\u017e in mnogo drugih doma\u010dih dobrot. Ker se je bli\u017eala velika no\u010d, sva kupila veje, kamor sva obesila velikono\u010dna jaj\u010dka in pa seveda vara\u017edinsko doma\u010de zelje.<\/p>\n<img loading=\"lazy\" decoding=\"async\" class=\"alignnone size-full wp-image-1492 aligncenter\" src=\"https:\/\/xn--vodi-jua.com\/po-poteh\/files\/2016\/03\/IMG_4630.jpg\" alt=\"IMG_4630\" width=\"595\" height=\"396\" srcset=\"https:\/\/xn--vodi-jua.com\/po-poteh\/files\/2016\/03\/IMG_4630.jpg 595w, https:\/\/xn--vodi-jua.com\/po-poteh\/files\/2016\/03\/IMG_4630-200x133.jpg 200w\" sizes=\"auto, (max-width: 595px) 100vw, 595px\" \/>\n<h2>VARA\u017dDINSKI KLIPI\u0106<\/h2>\n<p>Pecivo, ki je vsekakor simbol mesta. Privo\u0161\u010dite si ga ob jutranji kavi, ko so sve\u017ee pe\u010deni.<\/p>\n<img loading=\"lazy\" decoding=\"async\" class=\"alignnone size-large wp-image-1502 aligncenter\" src=\"https:\/\/xn--vodi-jua.com\/po-poteh\/files\/2016\/03\/IMG_3743-680x510.jpg\" alt=\"IMG_3743\" width=\"680\" height=\"510\" srcset=\"https:\/\/xn--vodi-jua.com\/po-poteh\/files\/2016\/03\/IMG_3743-680x510.jpg 680w, https:\/\/xn--vodi-jua.com\/po-poteh\/files\/2016\/03\/IMG_3743-200x150.jpg 200w, https:\/\/xn--vodi-jua.com\/po-poteh\/files\/2016\/03\/IMG_3743-768x576.jpg 768w, https:\/\/xn--vodi-jua.com\/po-poteh\/files\/2016\/03\/IMG_3743.jpg 907w\" sizes=\"auto, (max-width: 680px) 100vw, 680px\" \/>\n<h2>VARA\u017dDINSKO POKOPALI\u0160\u010cE<\/h2>\n<p>Vara\u017edinsko pokopali\u0161\u010de je ustanovljeno leta 1773, urejati pa ga je za\u010del Herman Haller leta 1905 ko je posadil okoli 7.000 cipres, javorov, jesenov, rde\u010dih bukev, zelenik, magnolij in brez.<\/p>\n<div id=\"attachment_1493\" style=\"width: 605px\" class=\"wp-caption aligncenter\"><img loading=\"lazy\" decoding=\"async\" aria-describedby=\"caption-attachment-1493\" class=\"size-full wp-image-1493\" src=\"https:\/\/xn--vodi-jua.com\/po-poteh\/files\/2016\/03\/IMG_4635.jpg\" alt=\"Vara\u017edinsko pokopali\u0161\u010de\" width=\"595\" height=\"396\" srcset=\"https:\/\/xn--vodi-jua.com\/po-poteh\/files\/2016\/03\/IMG_4635.jpg 595w, https:\/\/xn--vodi-jua.com\/po-poteh\/files\/2016\/03\/IMG_4635-200x133.jpg 200w\" sizes=\"auto, (max-width: 595px) 100vw, 595px\" \/><p id=\"caption-attachment-1493\" class=\"wp-caption-text\">Vara\u017edinsko pokopali\u0161\u010de<\/p><\/div>\n<img loading=\"lazy\" decoding=\"async\" class=\"alignnone size-full wp-image-1494 aligncenter\" src=\"https:\/\/xn--vodi-jua.com\/po-poteh\/files\/2016\/03\/IMG_4636.jpg\" alt=\"IMG_4636\" width=\"595\" height=\"396\" srcset=\"https:\/\/xn--vodi-jua.com\/po-poteh\/files\/2016\/03\/IMG_4636.jpg 595w, https:\/\/xn--vodi-jua.com\/po-poteh\/files\/2016\/03\/IMG_4636-200x133.jpg 200w\" sizes=\"auto, (max-width: 595px) 100vw, 595px\" \/>\n<p>Tako je bil vikend pri koncu. Pred odhodom domov sva se ustavila \u0161e v nakupovalnem centru Lumini, ki pa naju ni navdu\u0161il.<\/p>\n<p>&nbsp;<\/p>\n<p>Foto: Slatinek Metka, Martin Helbing<\/p>\n<p>Vir:\u00a0https:\/\/www.tourism-varazdin.hr\/<\/p>\n","protected":false},"excerpt":{"rendered":"<p>Vara\u017edin je mesto baroka, mladih ljudi, glasbe, cvetja in koles. Mesto angelov, pisanih dogodkov, med katerimi so najbolj priljubljeni \u0160pancirfest, ter festival klasi\u010dne glasbe. Je mesto, ki te o\u010dara, ki ga je vredno obiskati in raziskati, se ga nau\u017eiti na kak\u0161nem izmed trgu, ob kavi ali kosu peciva. V nadaljevanju bom na kratko opisala znamenitosti, [&hellip;]<\/p>\n","protected":false},"author":5,"featured_media":1497,"comment_status":"closed","ping_status":"open","sticky":false,"template":"","format":"standard","meta":{"_exactmetrics_skip_tracking":false,"_exactmetrics_sitenote_active":false,"_exactmetrics_sitenote_note":"","_exactmetrics_sitenote_category":0,"footnotes":""},"categories":[161],"tags":[205,201,200,202,199,204,198,203,206,207],"class_list":{"0":"post-1448","1":"post","2":"type-post","3":"status-publish","4":"format-standard","5":"has-post-thumbnail","7":"category-izleti-v-evropska-mesta","8":"tag-andelinak","9":"tag-barocne-palace","10":"tag-cimeri","11":"tag-katedrala","12":"tag-mestni-muzej-varazdin","13":"tag-muzej-angelov","14":"tag-stai-grad","15":"tag-trg-tradicionalnih-obrti","16":"tag-varazdinski-klipic","17":"tag-varazdinsko-pokopalisce"},"_links":{"self":[{"href":"https:\/\/xn--vodi-jua.com\/po-poteh\/wp-json\/wp\/v2\/posts\/1448","targetHints":{"allow":["GET"]}}],"collection":[{"href":"https:\/\/xn--vodi-jua.com\/po-poteh\/wp-json\/wp\/v2\/posts"}],"about":[{"href":"https:\/\/xn--vodi-jua.com\/po-poteh\/wp-json\/wp\/v2\/types\/post"}],"author":[{"embeddable":true,"href":"https:\/\/xn--vodi-jua.com\/po-poteh\/wp-json\/wp\/v2\/users\/5"}],"replies":[{"embeddable":true,"href":"https:\/\/xn--vodi-jua.com\/po-poteh\/wp-json\/wp\/v2\/comments?post=1448"}],"version-history":[{"count":20,"href":"https:\/\/xn--vodi-jua.com\/po-poteh\/wp-json\/wp\/v2\/posts\/1448\/revisions"}],"predecessor-version":[{"id":1513,"href":"https:\/\/xn--vodi-jua.com\/po-poteh\/wp-json\/wp\/v2\/posts\/1448\/revisions\/1513"}],"wp:featuredmedia":[{"embeddable":true,"href":"https:\/\/xn--vodi-jua.com\/po-poteh\/wp-json\/wp\/v2\/media\/1497"}],"wp:attachment":[{"href":"https:\/\/xn--vodi-jua.com\/po-poteh\/wp-json\/wp\/v2\/media?parent=1448"}],"wp:term":[{"taxonomy":"category","embeddable":true,"href":"https:\/\/xn--vodi-jua.com\/po-poteh\/wp-json\/wp\/v2\/categories?post=1448"},{"taxonomy":"post_tag","embeddable":true,"href":"https:\/\/xn--vodi-jua.com\/po-poteh\/wp-json\/wp\/v2\/tags?post=1448"}],"curies":[{"name":"wp","href":"https:\/\/api.w.org\/{rel}","templated":true}]}}